{"id":1122,"date":"2025-06-06T15:52:45","date_gmt":"2025-06-06T13:52:45","guid":{"rendered":"https:\/\/lyon-private-car.fr\/?p=1122"},"modified":"2025-06-06T16:01:02","modified_gmt":"2025-06-06T14:01:02","slug":"chauffeur-prive-lyon-geneve","status":"publish","type":"post","link":"https:\/\/lyon-private-car.fr\/en\/chauffeur-prive-lyon-geneve\/","title":{"rendered":"Private driver Lyon Geneva:"},"content":{"rendered":"","protected":false},"excerpt":{"rendered":"","protected":false},"author":2,"featured_media":1124,"comment_status":"open","ping_status":"open","sticky":false,"template":"","format":"standard","meta":{"_acf_changed":false,"footnotes":""},"categories":[1],"tags":[],"class_list":["post-1122","post","type-post","status-publish","format-standard","has-post-thumbnail","hentry","category-non-classe"],"acf":[],"yoast_head":"<!-- This site is optimized with the Yoast SEO plugin v26.4 - https:\/\/yoast.com\/wordpress\/plugins\/seo\/ -->\n<title>Chauffeur priv\u00e9 Lyon Gen\u00e8ve VTC transfert rapide et confortable<\/title>\n<meta name=\"description\" content=\"R\u00e9servez votre chauffeur priv\u00e9 VTC entre Lyon et Gen\u00e8ve pour un trajet longue distance confortable, s\u00e9curis\u00e9 et ponctuel. V\u00e9hicules haut de gamme, tarifs fixes, r\u00e9servation en ligne facile, service premium 24\/7.\" \/>\n<meta name=\"robots\" content=\"index, follow, max-snippet:-1, max-image-preview:large, max-video-preview:-1\" \/>\n<link rel=\"canonical\" href=\"https:\/\/lyon-private-car.fr\/en\/chauffeur-prive-lyon-geneve\/\" \/>\n<meta property=\"og:locale\" content=\"en_GB\" \/>\n<meta property=\"og:type\" content=\"article\" \/>\n<meta property=\"og:title\" content=\"Chauffeur priv\u00e9 Lyon Gen\u00e8ve VTC transfert rapide et confortable\" \/>\n<meta property=\"og:description\" content=\"R\u00e9servez votre chauffeur priv\u00e9 VTC entre Lyon et Gen\u00e8ve pour un trajet longue distance confortable, s\u00e9curis\u00e9 et ponctuel. V\u00e9hicules haut de gamme, tarifs fixes, r\u00e9servation en ligne facile, service premium 24\/7.\" \/>\n<meta property=\"og:url\" content=\"https:\/\/lyon-private-car.fr\/en\/chauffeur-prive-lyon-geneve\/\" \/>\n<meta property=\"og:site_name\" content=\"Lyon private car\" \/>\n<meta property=\"article:published_time\" content=\"2025-06-06T13:52:45+00:00\" \/>\n<meta property=\"article:modified_time\" content=\"2025-06-06T14:01:02+00:00\" \/>\n<meta property=\"og:image\" content=\"https:\/\/lyon-private-car.fr\/wp-content\/uploads\/2025\/06\/ChatGPT-Image-6-juin-2025-16_00_01-1024x683.png\" \/>\n\t<meta property=\"og:image:width\" content=\"1024\" \/>\n\t<meta property=\"og:image:height\" content=\"683\" \/>\n\t<meta property=\"og:image:type\" content=\"image\/png\" \/>\n<meta name=\"author\" content=\"rayane lo\" \/>\n<meta name=\"twitter:card\" content=\"summary_large_image\" \/>\n<meta name=\"twitter:label1\" content=\"Written by\" \/>\n\t<meta name=\"twitter:data1\" content=\"rayane lo\" \/>\n\t<meta name=\"twitter:label2\" content=\"Estimated reading time\" \/>\n\t<meta name=\"twitter:data2\" content=\"1 minute\" \/>\n<script type=\"application\/ld+json\" class=\"yoast-schema-graph\">{\"@context\":\"https:\/\/schema.org\",\"@graph\":[{\"@type\":\"WebPage\",\"@id\":\"https:\/\/lyon-private-car.fr\/chauffeur-prive-lyon-geneve\/\",\"url\":\"https:\/\/lyon-private-car.fr\/chauffeur-prive-lyon-geneve\/\",\"name\":\"Chauffeur priv\u00e9 Lyon Gen\u00e8ve VTC transfert rapide et confortable\",\"isPartOf\":{\"@id\":\"https:\/\/lyon-private-car.fr\/#website\"},\"primaryImageOfPage\":{\"@id\":\"https:\/\/lyon-private-car.fr\/chauffeur-prive-lyon-geneve\/#primaryimage\"},\"image\":{\"@id\":\"https:\/\/lyon-private-car.fr\/chauffeur-prive-lyon-geneve\/#primaryimage\"},\"thumbnailUrl\":\"https:\/\/lyon-private-car.fr\/wp-content\/uploads\/2025\/06\/ChatGPT-Image-6-juin-2025-16_00_01.png\",\"datePublished\":\"2025-06-06T13:52:45+00:00\",\"dateModified\":\"2025-06-06T14:01:02+00:00\",\"author\":{\"@id\":\"https:\/\/lyon-private-car.fr\/#\/schema\/person\/216f2b317cad9072c154b70877601a09\"},\"description\":\"R\u00e9servez votre chauffeur priv\u00e9 VTC entre Lyon et Gen\u00e8ve pour un trajet longue distance confortable, s\u00e9curis\u00e9 et ponctuel. V\u00e9hicules haut de gamme, tarifs fixes, r\u00e9servation en ligne facile, service premium 24\/7.\",\"breadcrumb\":{\"@id\":\"https:\/\/lyon-private-car.fr\/chauffeur-prive-lyon-geneve\/#breadcrumb\"},\"inLanguage\":\"en-GB\",\"potentialAction\":[{\"@type\":\"ReadAction\",\"target\":[\"https:\/\/lyon-private-car.fr\/chauffeur-prive-lyon-geneve\/\"]}]},{\"@type\":\"ImageObject\",\"inLanguage\":\"en-GB\",\"@id\":\"https:\/\/lyon-private-car.fr\/chauffeur-prive-lyon-geneve\/#primaryimage\",\"url\":\"https:\/\/lyon-private-car.fr\/wp-content\/uploads\/2025\/06\/ChatGPT-Image-6-juin-2025-16_00_01.png\",\"contentUrl\":\"https:\/\/lyon-private-car.fr\/wp-content\/uploads\/2025\/06\/ChatGPT-Image-6-juin-2025-16_00_01.png\",\"width\":1536,\"height\":1024,\"caption\":\"Chauffeur priv\u00e9 VTC Lyon Gen\u00e8ve \u2013 trajet longue distance en voiture de luxe\"},{\"@type\":\"BreadcrumbList\",\"@id\":\"https:\/\/lyon-private-car.fr\/chauffeur-prive-lyon-geneve\/#breadcrumb\",\"itemListElement\":[{\"@type\":\"ListItem\",\"position\":1,\"name\":\"Accueil\",\"item\":\"https:\/\/lyon-private-car.fr\/\"},{\"@type\":\"ListItem\",\"position\":2,\"name\":\"Chauffeur priv\u00e9 Lyon Gen\u00e8ve :\"}]},{\"@type\":\"WebSite\",\"@id\":\"https:\/\/lyon-private-car.fr\/#website\",\"url\":\"https:\/\/lyon-private-car.fr\/\",\"name\":\"Lyon private car\",\"description\":\"Votre partenaire de confiance pour chaque trajet\",\"potentialAction\":[{\"@type\":\"SearchAction\",\"target\":{\"@type\":\"EntryPoint\",\"urlTemplate\":\"https:\/\/lyon-private-car.fr\/?s={search_term_string}\"},\"query-input\":{\"@type\":\"PropertyValueSpecification\",\"valueRequired\":true,\"valueName\":\"search_term_string\"}}],\"inLanguage\":\"en-GB\"},{\"@type\":\"Person\",\"@id\":\"https:\/\/lyon-private-car.fr\/#\/schema\/person\/216f2b317cad9072c154b70877601a09\",\"name\":\"rayane lo\",\"image\":{\"@type\":\"ImageObject\",\"inLanguage\":\"en-GB\",\"@id\":\"https:\/\/lyon-private-car.fr\/#\/schema\/person\/image\/\",\"url\":\"https:\/\/secure.gravatar.com\/avatar\/b6ad7d2aa74e61665fd4f121190b4d6fcd59771a2f17baaa2134a4d99bd5853f?s=96&d=mm&r=g\",\"contentUrl\":\"https:\/\/secure.gravatar.com\/avatar\/b6ad7d2aa74e61665fd4f121190b4d6fcd59771a2f17baaa2134a4d99bd5853f?s=96&d=mm&r=g\",\"caption\":\"rayane lo\"},\"url\":\"https:\/\/lyon-private-car.fr\/en\/author\/adminrl\/\"}]}<\/script>\n<!-- \/ Yoast SEO plugin. -->","yoast_head_json":{"title":"Chauffeur priv\u00e9 Lyon Gen\u00e8ve VTC transfert rapide et confortable","description":"R\u00e9servez votre chauffeur priv\u00e9 VTC entre Lyon et Gen\u00e8ve pour un trajet longue distance confortable, s\u00e9curis\u00e9 et ponctuel. V\u00e9hicules haut de gamme, tarifs fixes, r\u00e9servation en ligne facile, service premium 24\/7.","robots":{"index":"index","follow":"follow","max-snippet":"max-snippet:-1","max-image-preview":"max-image-preview:large","max-video-preview":"max-video-preview:-1"},"canonical":"https:\/\/lyon-private-car.fr\/en\/chauffeur-prive-lyon-geneve\/","og_locale":"en_GB","og_type":"article","og_title":"Chauffeur priv\u00e9 Lyon Gen\u00e8ve VTC transfert rapide et confortable","og_description":"R\u00e9servez votre chauffeur priv\u00e9 VTC entre Lyon et Gen\u00e8ve pour un trajet longue distance confortable, s\u00e9curis\u00e9 et ponctuel. V\u00e9hicules haut de gamme, tarifs fixes, r\u00e9servation en ligne facile, service premium 24\/7.","og_url":"https:\/\/lyon-private-car.fr\/en\/chauffeur-prive-lyon-geneve\/","og_site_name":"Lyon private car","article_published_time":"2025-06-06T13:52:45+00:00","article_modified_time":"2025-06-06T14:01:02+00:00","og_image":[{"width":1024,"height":683,"url":"https:\/\/lyon-private-car.fr\/wp-content\/uploads\/2025\/06\/ChatGPT-Image-6-juin-2025-16_00_01-1024x683.png","type":"image\/png"}],"author":"rayane lo","twitter_card":"summary_large_image","twitter_misc":{"Written by":"rayane lo","Estimated reading time":"1 minute"},"schema":{"@context":"https:\/\/schema.org","@graph":[{"@type":"WebPage","@id":"https:\/\/lyon-private-car.fr\/chauffeur-prive-lyon-geneve\/","url":"https:\/\/lyon-private-car.fr\/chauffeur-prive-lyon-geneve\/","name":"Chauffeur priv\u00e9 Lyon Gen\u00e8ve VTC transfert rapide et confortable","isPartOf":{"@id":"https:\/\/lyon-private-car.fr\/#website"},"primaryImageOfPage":{"@id":"https:\/\/lyon-private-car.fr\/chauffeur-prive-lyon-geneve\/#primaryimage"},"image":{"@id":"https:\/\/lyon-private-car.fr\/chauffeur-prive-lyon-geneve\/#primaryimage"},"thumbnailUrl":"https:\/\/lyon-private-car.fr\/wp-content\/uploads\/2025\/06\/ChatGPT-Image-6-juin-2025-16_00_01.png","datePublished":"2025-06-06T13:52:45+00:00","dateModified":"2025-06-06T14:01:02+00:00","author":{"@id":"https:\/\/lyon-private-car.fr\/#\/schema\/person\/216f2b317cad9072c154b70877601a09"},"description":"R\u00e9servez votre chauffeur priv\u00e9 VTC entre Lyon et Gen\u00e8ve pour un trajet longue distance confortable, s\u00e9curis\u00e9 et ponctuel. V\u00e9hicules haut de gamme, tarifs fixes, r\u00e9servation en ligne facile, service premium 24\/7.","breadcrumb":{"@id":"https:\/\/lyon-private-car.fr\/chauffeur-prive-lyon-geneve\/#breadcrumb"},"inLanguage":"en-GB","potentialAction":[{"@type":"ReadAction","target":["https:\/\/lyon-private-car.fr\/chauffeur-prive-lyon-geneve\/"]}]},{"@type":"ImageObject","inLanguage":"en-GB","@id":"https:\/\/lyon-private-car.fr\/chauffeur-prive-lyon-geneve\/#primaryimage","url":"https:\/\/lyon-private-car.fr\/wp-content\/uploads\/2025\/06\/ChatGPT-Image-6-juin-2025-16_00_01.png","contentUrl":"https:\/\/lyon-private-car.fr\/wp-content\/uploads\/2025\/06\/ChatGPT-Image-6-juin-2025-16_00_01.png","width":1536,"height":1024,"caption":"Chauffeur priv\u00e9 VTC Lyon Gen\u00e8ve \u2013 trajet longue distance en voiture de luxe"},{"@type":"BreadcrumbList","@id":"https:\/\/lyon-private-car.fr\/chauffeur-prive-lyon-geneve\/#breadcrumb","itemListElement":[{"@type":"ListItem","position":1,"name":"Accueil","item":"https:\/\/lyon-private-car.fr\/"},{"@type":"ListItem","position":2,"name":"Chauffeur priv\u00e9 Lyon Gen\u00e8ve :"}]},{"@type":"WebSite","@id":"https:\/\/lyon-private-car.fr\/#website","url":"https:\/\/lyon-private-car.fr\/","name":"Lyon private car","description":"Your trusted partner for every journey","potentialAction":[{"@type":"SearchAction","target":{"@type":"EntryPoint","urlTemplate":"https:\/\/lyon-private-car.fr\/?s={search_term_string}"},"query-input":{"@type":"PropertyValueSpecification","valueRequired":true,"valueName":"search_term_string"}}],"inLanguage":"en-GB"},{"@type":"Person","@id":"https:\/\/lyon-private-car.fr\/#\/schema\/person\/216f2b317cad9072c154b70877601a09","name":"rayane lo","image":{"@type":"ImageObject","inLanguage":"en-GB","@id":"https:\/\/lyon-private-car.fr\/#\/schema\/person\/image\/","url":"https:\/\/secure.gravatar.com\/avatar\/b6ad7d2aa74e61665fd4f121190b4d6fcd59771a2f17baaa2134a4d99bd5853f?s=96&d=mm&r=g","contentUrl":"https:\/\/secure.gravatar.com\/avatar\/b6ad7d2aa74e61665fd4f121190b4d6fcd59771a2f17baaa2134a4d99bd5853f?s=96&d=mm&r=g","caption":"rayane lo"},"url":"https:\/\/lyon-private-car.fr\/en\/author\/adminrl\/"}]}},"_links":{"self":[{"href":"https:\/\/lyon-private-car.fr\/en\/wp-json\/wp\/v2\/posts\/1122","targetHints":{"allow":["GET"]}}],"collection":[{"href":"https:\/\/lyon-private-car.fr\/en\/wp-json\/wp\/v2\/posts"}],"about":[{"href":"https:\/\/lyon-private-car.fr\/en\/wp-json\/wp\/v2\/types\/post"}],"author":[{"embeddable":true,"href":"https:\/\/lyon-private-car.fr\/en\/wp-json\/wp\/v2\/users\/2"}],"replies":[{"embeddable":true,"href":"https:\/\/lyon-private-car.fr\/en\/wp-json\/wp\/v2\/comments?post=1122"}],"version-history":[{"count":2,"href":"https:\/\/lyon-private-car.fr\/en\/wp-json\/wp\/v2\/posts\/1122\/revisions"}],"predecessor-version":[{"id":1125,"href":"https:\/\/lyon-private-car.fr\/en\/wp-json\/wp\/v2\/posts\/1122\/revisions\/1125"}],"wp:featuredmedia":[{"embeddable":true,"href":"https:\/\/lyon-private-car.fr\/en\/wp-json\/wp\/v2\/media\/1124"}],"wp:attachment":[{"href":"https:\/\/lyon-private-car.fr\/en\/wp-json\/wp\/v2\/media?parent=1122"}],"wp:term":[{"taxonomy":"category","embeddable":true,"href":"https:\/\/lyon-private-car.fr\/en\/wp-json\/wp\/v2\/categories?post=1122"},{"taxonomy":"post_tag","embeddable":true,"href":"https:\/\/lyon-private-car.fr\/en\/wp-json\/wp\/v2\/tags?post=1122"}],"curies":[{"name":"wp","href":"https:\/\/api.w.org\/{rel}","templated":true}]}}